{"id":287,"date":"2018-07-31T10:17:43","date_gmt":"2018-07-31T10:17:43","guid":{"rendered":"http:\/\/vela-vrata.hr\/?p=287"},"modified":"2018-07-31T10:20:23","modified_gmt":"2018-07-31T10:20:23","slug":"bluebagkrk","status":"publish","type":"post","link":"https:\/\/vela-vrata.hr\/2014-2020\/novosti\/bluebagkrk\/","title":{"rendered":"#bluebagKrk"},"content":{"rendered":"<p>Cilj projekta<a href=\"http:\/\/krk.bluebag.eco\/hr\/\"> \u201cPlava vre\u0107a\u201d<\/a> je da svaki nauti\u010dar u tijeku jedne sezone sakupi jednu vre\u0107u naplavina. Kada bi taj cilj bio ostvaren, silne akcije i ogromna sredstva da obala (p)ostane \u010dista ne bi vi\u0161e bile potrebne. Ovogodi\u0161nja ekolo\u0161ka akcija \u201ePlava vre\u0107a\u201c odr\u017eava se \u010detvrtu godinu zaredom i upravo je u tijeku pa iz Ponikava upu\u0107uju poziv svima da se uklju\u010de u tu hvalevrijednu akciju. Uklju\u010dite se u projekt \u201cPlava vre\u0107a\u201d jer Plava vre\u0107a nije obaveza ve\u0107 izazov, kako isti\u010du iz Ponikva.<\/p>\n<p><img loading=\"lazy\" decoding=\"async\" class=\"alignnone size-full wp-image-288\" src=\"https:\/\/vela-vrata.hr\/2014-2020\/wordpress\/wp-content\/uploads\/2018\/07\/plavevreice3.jpg\" alt=\"\" width=\"960\" height=\"490\" srcset=\"https:\/\/vela-vrata.hr\/2014-2020\/wp-content\/uploads\/2018\/07\/plavevreice3.jpg 960w, https:\/\/vela-vrata.hr\/2014-2020\/wp-content\/uploads\/2018\/07\/plavevreice3-300x153.jpg 300w, https:\/\/vela-vrata.hr\/2014-2020\/wp-content\/uploads\/2018\/07\/plavevreice3-768x392.jpg 768w\" sizes=\"(max-width: 767px) 89vw, (max-width: 1000px) 54vw, (max-width: 1071px) 543px, 580px\" \/><br \/>\nKako je situacija vi\u0161e nego alarmantna, dovoljno govori porazna \u010dinjenica kako \u010dak 8 milijuna tona plastike svake godine zavr\u0161i u oceanima i morima! Otpad u moru jedna je od najbr\u017ee rastu\u0107ih prijetnji s velikim okoli\u0161nim i gospodarskim posljedicama. Posebno je alarmantna \u010dinjenica da 94 posto tog otpada zavr\u0161i na morskom dnu te nije vidljivo i ne mo\u017ee se sanirati. Svake godine u oceanima i morima zavr\u0161i oko 8 milijuna tona plastike koja predstavlja najve\u0107u opasnost za morski \u017eivot, okoli\u0161 i ljudsko zdravlje, a nakon raspadanja postaje dio prehrambenog lanca najrazli\u010ditijih morskih organizama. Te porazne \u010dinjenice nije po\u0161te\u0111en ni Mediteran u kojemu \u010dak 80 posto ukupnoga otpada \u010dini upravo mikroplastika koja dospijeva u hranidbeni lanac.<br \/>\nBudu\u0107i da \u010dak 80 posto otpada u more dolazi s pla\u017ea i obale (a preostalih 20 posto s brodova u pomorskome prometu i ribarica), iznimno je va\u017eno provoditi preventivne programe i akcije, poput \u201ePlave vre\u0107e\u201c na Krku, usmjerene ka spre\u010davanju one\u010di\u0161\u0107enja mora, osobito plastikom kao najopasnijim otpadom.<\/p>\n<p>Kako mogu sudjelovati?<br \/>\nOdvoji 5 minuta svojeg odmora i na nekoj skrivenoj, manje dostupnoj obali sakupi naplavine koje je more izbacilo. Po povratku u luku odlo\u017ei Plavu vre\u0107u u kontejner. Pomo\u0107i \u0107e\u0161 moru. Osje\u0107at \u0107e\u0161 se bolje.<br \/>\nMisija<br \/>\nCilj je da svaki nauti\u010dar u tijeku jedne sezone sakupi jednu vre\u0107u naplavina. Kada bi taj cilj bio ostvaren, silne akcije i ogromna sredstva da obala (p)ostane \u010dista ne bi vi\u0161e bile potrebne.<br \/>\n\u0160to sakupljamo<br \/>\nSakupljamo plastiku, limenke, konope, mre\u017ee, staklenke, cipele, odje\u0107u, drvene predmete\u2026 sav otpad kojeg je more izbacilo na obalu. Ne sakupljamo grane, li\u0161\u0107e, kosti, ostatke flore i faune iz okru\u017eenja.<br \/>\nIzazov Plave vre\u0107e \u2013 foto natje\u010daj<br \/>\nSnimi svoju avanturu sakupljanja naplavina i objavi je na ovoj stranici ili je podjeli na Instagramu i Facebooku s oznakom #bluebagKrk. Potakni svoje prijatelje da u\u010dine isto. Kada svi nauti\u010dari sakupe jednu Plavu vre\u0107u godi\u0161nje, misija \u0107e uspjeti.<br \/>\nNajoriginalniju pri\u010du \u0107emo nagraditi.<\/p>\n<p>Vre\u0107e mo\u017eete nabaviti na INA benzinskim crpkama na obali, kod lu\u010dkih redara u Krku ili u zgradi Ponikve u LAG-u Kvarnerski otoci (mob:0958588231).<\/p>\n<p><em>Izvor: Lag Kvarnerski otoci<\/em><\/p>\n","protected":false},"excerpt":{"rendered":"<p>Cilj projekta \u201cPlava vre\u0107a\u201d je da svaki nauti\u010dar u tijeku jedne sezone sakupi jednu vre\u0107u naplavina. Kada bi taj cilj bio ostvaren, silne akcije i ogromna sredstva da obala (p)ostane \u010dista ne bi vi\u0161e bile potrebne. Ovogodi\u0161nja ekolo\u0161ka akcija \u201ePlava vre\u0107a\u201c odr\u017eava se \u010detvrtu godinu zaredom i upravo je u tijeku pa iz Ponikava upu\u0107uju &hellip; <\/p>\n<p class=\"link-more\"><a href=\"https:\/\/vela-vrata.hr\/2014-2020\/novosti\/bluebagkrk\/\" class=\"more-link\">Nastavi \u010ditati<span class=\"screen-reader-text\"> &#8220;#bluebagKrk&#8221;<\/span><\/a><\/p>\n","protected":false},"author":1,"featured_media":291,"comment_status":"closed","ping_status":"closed","sticky":false,"template":"","format":"standard","meta":{"ngg_post_thumbnail":0,"footnotes":""},"categories":[5],"tags":[38,39,40],"_links":{"self":[{"href":"https:\/\/vela-vrata.hr\/2014-2020\/wp-json\/wp\/v2\/posts\/287"}],"collection":[{"href":"https:\/\/vela-vrata.hr\/2014-2020\/wp-json\/wp\/v2\/posts"}],"about":[{"href":"https:\/\/vela-vrata.hr\/2014-2020\/wp-json\/wp\/v2\/types\/post"}],"author":[{"embeddable":true,"href":"https:\/\/vela-vrata.hr\/2014-2020\/wp-json\/wp\/v2\/users\/1"}],"replies":[{"embeddable":true,"href":"https:\/\/vela-vrata.hr\/2014-2020\/wp-json\/wp\/v2\/comments?post=287"}],"version-history":[{"count":2,"href":"https:\/\/vela-vrata.hr\/2014-2020\/wp-json\/wp\/v2\/posts\/287\/revisions"}],"predecessor-version":[{"id":290,"href":"https:\/\/vela-vrata.hr\/2014-2020\/wp-json\/wp\/v2\/posts\/287\/revisions\/290"}],"wp:featuredmedia":[{"embeddable":true,"href":"https:\/\/vela-vrata.hr\/2014-2020\/wp-json\/wp\/v2\/media\/291"}],"wp:attachment":[{"href":"https:\/\/vela-vrata.hr\/2014-2020\/wp-json\/wp\/v2\/media?parent=287"}],"wp:term":[{"taxonomy":"category","embeddable":true,"href":"https:\/\/vela-vrata.hr\/2014-2020\/wp-json\/wp\/v2\/categories?post=287"},{"taxonomy":"post_tag","embeddable":true,"href":"https:\/\/vela-vrata.hr\/2014-2020\/wp-json\/wp\/v2\/tags?post=287"}],"curies":[{"name":"wp","href":"https:\/\/api.w.org\/{rel}","templated":true}]}}