{"id":579,"date":"2019-08-20T13:08:12","date_gmt":"2019-08-20T13:08:12","guid":{"rendered":"http:\/\/vela-vrata.hr\/?p=579"},"modified":"2019-09-06T15:43:34","modified_gmt":"2019-09-06T15:43:34","slug":"javni-poziv-za-iskaz-interesa-za-sudjelovanje-u-ocjenjivanju-prijava-na-natjecaje-lagur-a-vela-vrata","status":"publish","type":"post","link":"https:\/\/vela-vrata.hr\/2014-2020\/novosti\/javni-poziv-za-iskaz-interesa-za-sudjelovanje-u-ocjenjivanju-prijava-na-natjecaje-lagur-a-vela-vrata\/","title":{"rendered":"Javni poziv za iskaz interesa za sudjelovanje u ocjenjivanju prijava na natje\u010daje LAGUR-a \u201eVela vrata\u201c"},"content":{"rendered":"<p>LAGUR Vela vrata&nbsp; poziva sve zainteresirane osobe sa znanjem u podru\u010dju ocjenjivanja projekata da se prijave za ocjenjiva\u010da\/icu prijava pristiglih na budu\u0107e natje\u010daje LAGURA.<\/p>\n<p>&nbsp;<\/p>\n<p>Zainteresirani ocjenjiva\u010di mogu biti imenovani za \u010dlanove\/ice Ocjenjiva\u010dkog odbora LAGUR-a koji \u0107e imati ima tri \u010dlana\/ice a imenovati \u0107e ih Upravni odbor LAGUR-a za svaki pojedini natje\u010daj.<\/p>\n<p>Ocjenjiva\u010di mogu biti izabrani za \u010dlana\/icu Ocjenjiva\u010dkog odbora neograni\u010deno puta i za potrebe ocjenjivanja prijava na razli\u010dite natje\u010daje.<\/p>\n<p>Temeljem ovog Javnog poziva LAGUR \u0107e sastaviti bazu podataka ocjenjiva\u010da\/ica vode\u0107i ra\u010duna o njihovim znanjima i iskustvu specifi\u010dnima za pojedine mjere\/natje\u010daje kako slijedi :<\/p>\n<p>&nbsp;<\/p>\n<p><strong>SC1 Pove\u0107anje konkurentnosti ribarstvenog podru\u010dja i unapre\u0111enje lanca vrijednosti kroz preradu, razvoj tr\u017ei\u0161ta i diverzifikaciju djelatnosti<\/strong><\/p>\n<ul>\n<li><strong>MJERA 1.1.<\/strong> Podr\u0161ka razvoju i osuvremenjivanju male ribarske infrastrukture i unapre\u0111enju uvjeta poslovanja<\/li>\n<li><strong>MJERA 1.4<\/strong>. Diverzifikacija djelatnosti na ribarstvenom podru\u010dju i potpora razvoju male turisti\u010dke infrastrukture i usluga povezanih s ribarstvom i akvakulturom<\/li>\n<\/ul>\n<p>&nbsp;<\/p>\n<p><strong>SC2 Pomicanje za\u0161tite i odr\u017eivog upravljana prirodnom resursnom osnovom i valorizacija kulturne pomorske i ribarske ba\u0161tine i povezanih tradicijskim znanjem<\/strong><\/p>\n<ul>\n<li><strong>MJERA 2.1.<\/strong> O\u010duvanje okoli\u0161a i poticanje na odr\u017eivo upravljanje prirodnih resursima<\/li>\n<li><strong>MJERA 2.2.<\/strong> O\u010duvanje i valorizacija pomorske i ribarske ba\u0161tine i o\u010duvanje identiteta podru\u010dja<\/li>\n<\/ul>\n<p>&nbsp;<\/p>\n<p><strong>SC3 Promicanje za\u0161tite i odr\u017eivog upravljanja prirodnim resursom osnovom i valorizacija kulturne pomorske i ribarske ba\u0161tine i povezanih tradicijskim znanjima<\/strong><\/p>\n<ul>\n<li><strong>MJERA 3.1.<\/strong> Poticanje multisektorskog interdisciplinarnog umre\u017eavanja, provedba projekata suradnje i promicanja socijalnog dijaloga<\/li>\n<li><strong>MJERA 3.2.<\/strong> Poticanje uloge ribarstvene zajednice u upravljanju lokalnim razvojem i ja\u010danjem ljudskih kapaciteta za provedbu operacija iz CLLD strategije<\/li>\n<\/ul>\n<p>&nbsp;<\/p>\n<p>Prijavitelji i svojoj prijavi trebaju navesti javljaju li se za ocjenjivanje prijava pristiglih na <strong>jednu ili vi\u0161e mjera<\/strong> uz napomenu da u djelu prijave koji se odnosi na <em>Profesionalno iskustvo <\/em>relevantno za ovu prijavu trebaju istaknuti iskustvo povezano sa svakom od odabranih mjera.<\/p>\n<p>Izabrani ocjenjiva\u010di\/ice bit \u0107e uvr\u0161teni u slu\u017ebenu bazu kontakata ocjenjiva\u010da\/ica LAGUR-a te pravovremeno informirani o periodu raspisivanja mjera\/natje\u010daja za koje su iskazali interes.<\/p>\n<p>Po primitku <strong>slu\u017ebene obavijesti<\/strong>, svaki \u0107e ocjenjiva\u010d\/ica imati obvezu informirati LAGUR o vlastitoj raspolo\u017eivosti\/neraspolo\u017eivosti kako bi se na vrijeme mogla prona\u0107i eventualna zamjena.<\/p>\n<p>Predvi\u0111eni period raspisivanja mjera\/natje\u010daja LAGUR-a je od&nbsp;rujna 2019. do lipnja 2020. godine.<\/p>\n<p>Imenovani \u010dlanovi\/ice Ocjenjiva\u010dkog odbora mogu za svoj rad ostvariti <strong>naknadu<\/strong> \u0161to \u0107e se definirati odlukom Upravnog odbora LAGUR-a o imenovanju \u010dlanova\/ica i zamjena Ocjenjiva\u010dkog odbora.<\/p>\n<p>&nbsp;<\/p>\n<p>Molimo Vas da prijavu izvr\u0161ite putem obrasca u prilogu. Popunjene, potpisane i skenirane obrasce za prijavu potrebno je poslati na adresu e-po\u0161te <a href=\"mailto:flag.velavrata@gmail.com\">flag.velavrata@gmail.com<\/a> s naznakom: \u201eJavni poziv za ocjenjiva\u010de\/ice\u201c&nbsp;<\/p>\n<p>Prijava se smatra potpunom ukoliko nakon slanja prijave e-po\u0161te prijavitelj zaprimi potvrdu LAGUR-a o primitku njegove prijave na Javni poziv za prijavu ocjenjiva\u010da\/ice.<\/p>\n<p>Prijavitelj je du\u017ean voditi ra\u010duna oko zaprimanja potvrde, te u slu\u010daju izostanka iste, kontaktirati LAGUR unutar Javnim pozivom definiranog roka za dostavu prijave. U slu\u010daju kada je prijava poslana na zadnji dan roka definiranog Javnim pozivom, a nije zaprimljena potvrda o primitku prijave od strane LAGUR-a, prijavitelj iznimno sljede\u0107i dan mo\u017ee kontaktirati LAGUR.<\/p>\n<p>Sve prijave dostavljene izvan roka te prijave za koje prijavitelji nisu dobili potvrdu na gore definiran na\u010din, ne\u0107e biti uzete u razmatranje.<\/p>\n<p>Ako niste osobno zainteresirani za prijavu molimo Vas da ovaj poziv proslijedite osobama ze koje mislite da bi mogle biti zainteresirane.<\/p>\n<p>&nbsp;<\/p>\n<p><a href=\"https:\/\/vela-vrata.hr\/2014-2020\/wordpress\/wp-content\/uploads\/2019\/08\/Javni-poziv-OCJENJIVA\u010cI-obrazac-1.docx\">OBRAZAC ZA PRIJAVU &#8211; OCJENJIVA\u010cI <\/a><\/p>\n","protected":false},"excerpt":{"rendered":"<p>LAGUR Vela vrata&nbsp; poziva sve zainteresirane osobe sa znanjem u podru\u010dju ocjenjivanja projekata da se prijave za ocjenjiva\u010da\/icu prijava pristiglih na budu\u0107e natje\u010daje LAGURA. &nbsp; Zainteresirani ocjenjiva\u010di mogu biti imenovani za \u010dlanove\/ice Ocjenjiva\u010dkog odbora LAGUR-a koji \u0107e imati ima tri \u010dlana\/ice a imenovati \u0107e ih Upravni odbor LAGUR-a za svaki pojedini natje\u010daj. Ocjenjiva\u010di mogu biti &hellip; <\/p>\n<p class=\"link-more\"><a href=\"https:\/\/vela-vrata.hr\/2014-2020\/novosti\/javni-poziv-za-iskaz-interesa-za-sudjelovanje-u-ocjenjivanju-prijava-na-natjecaje-lagur-a-vela-vrata\/\" class=\"more-link\">Nastavi \u010ditati<span class=\"screen-reader-text\"> &#8220;Javni poziv za iskaz interesa za sudjelovanje u ocjenjivanju prijava na natje\u010daje LAGUR-a \u201eVela vrata\u201c&#8221;<\/span><\/a><\/p>\n","protected":false},"author":1,"featured_media":580,"comment_status":"closed","ping_status":"closed","sticky":false,"template":"","format":"standard","meta":{"ngg_post_thumbnail":0,"footnotes":""},"categories":[5],"tags":[],"_links":{"self":[{"href":"https:\/\/vela-vrata.hr\/2014-2020\/wp-json\/wp\/v2\/posts\/579"}],"collection":[{"href":"https:\/\/vela-vrata.hr\/2014-2020\/wp-json\/wp\/v2\/posts"}],"about":[{"href":"https:\/\/vela-vrata.hr\/2014-2020\/wp-json\/wp\/v2\/types\/post"}],"author":[{"embeddable":true,"href":"https:\/\/vela-vrata.hr\/2014-2020\/wp-json\/wp\/v2\/users\/1"}],"replies":[{"embeddable":true,"href":"https:\/\/vela-vrata.hr\/2014-2020\/wp-json\/wp\/v2\/comments?post=579"}],"version-history":[{"count":4,"href":"https:\/\/vela-vrata.hr\/2014-2020\/wp-json\/wp\/v2\/posts\/579\/revisions"}],"predecessor-version":[{"id":694,"href":"https:\/\/vela-vrata.hr\/2014-2020\/wp-json\/wp\/v2\/posts\/579\/revisions\/694"}],"wp:featuredmedia":[{"embeddable":true,"href":"https:\/\/vela-vrata.hr\/2014-2020\/wp-json\/wp\/v2\/media\/580"}],"wp:attachment":[{"href":"https:\/\/vela-vrata.hr\/2014-2020\/wp-json\/wp\/v2\/media?parent=579"}],"wp:term":[{"taxonomy":"category","embeddable":true,"href":"https:\/\/vela-vrata.hr\/2014-2020\/wp-json\/wp\/v2\/categories?post=579"},{"taxonomy":"post_tag","embeddable":true,"href":"https:\/\/vela-vrata.hr\/2014-2020\/wp-json\/wp\/v2\/tags?post=579"}],"curies":[{"name":"wp","href":"https:\/\/api.w.org\/{rel}","templated":true}]}}