{"id":66,"date":"2017-05-22T12:20:46","date_gmt":"2017-05-22T12:20:46","guid":{"rendered":"http:\/\/vela-vrata.hr\/?p=66"},"modified":"2017-05-22T12:23:03","modified_gmt":"2017-05-22T12:23:03","slug":"osnovana-je-lokalna-akcijska-grupa-u-ribarstvu-vela-vrata","status":"publish","type":"post","link":"https:\/\/vela-vrata.hr\/2014-2020\/novosti\/osnovana-je-lokalna-akcijska-grupa-u-ribarstvu-vela-vrata\/","title":{"rendered":"Osnovana je lokalna akcijska grupa u ribarstvu \u201eVela vrata\u201c"},"content":{"rendered":"<p>Na osniva\u010dkoj skup\u0161tini u Mo\u0161\u0107eni\u010dkoj Dragi dana 21.11.2016. osnovan je LAGuR \u201cVela vrata\u201d.<\/p>\n<p>Lokalna akcijska grupa u ribarstvu (eng: Fisheries local action group \u2013 FLAG) je spoj gospodarskog, javnog i civilnog sektora na odre\u0111enom podru\u010dju koji kroz takvu suradnju poti\u010de inovacije u ribarstvu i marikulturi i djelatnostima povezanim uz te gospodarsku grane, a svoje aktivnosti financirati \u0107e iz <a href=\"http:\/\/www.mps.hr\/ribarstvo\/default.aspx?id=427\" target=\"_blank\">Europskog fonda za pomorstvo i ribarstvo<\/a>.<\/p>\n<p>\u201cVela vrata\u201d su osnovana za podru\u010dje 5 jedinica lokalne samouprave (Grad Mali Lo\u0161inj, Grad Cres, Grad Opatija, Op\u0107ina Mo\u0161\u0107eni\u010dka Draga i Op\u0107ina Lovran), a nakon postupka prijave na natje\u010daj pridru\u017eit \u0107e nam se jo\u0161 i Op\u0107ina Matulji.<\/p>\n<p>Sjedi\u0161te LAGuR-a je u gradu Cresu, a privremeni operatvini ured nalazi se u Matuljima, u prostorijama LAG-a \u201eTerra liburna\u201c.<\/p>\n<p>Osniva\u010di iz javnog sektora redom su: Op\u0107ina Mo\u0161\u0107eni\u010dka Draga, Op\u0107ina Lovran, Grad Cres, Grad Mali Lo\u0161inj i Grad Opatija i Otra d.o.o.<\/p>\n<p>Osniva\u010di iz gospodarskog sektora redom su : ribarski obrt Lisica, ribar \u017deljko Galovi\u0107, profesionalni ribar Alfred Sagani\u0107, rivar Valter Cergolj, E i Rem obrt, Orada Adriatic d.o.o., Kokot obrt za ribarstvo i usluge, \u0160koji\u0107 \u2013 obrt za ribarstvo.<\/p>\n<p>Osniva\u010di iz civilnog sektora redom su: Plavi svijet \u2013 Institut za istra\u017eivanje i za\u0161titu mora, JK \u201cReful\u201d iz Cresa, Ekomuzej Mo\u0161\u0107eni\u010dka Draga dok je SRK \u201cRak\u201d iz Martin\u0161\u0107ice u \u010dlanstvu.<\/p>\n<p>Na osniva\u010dkoj skup\u0161tini je odlu\u010deno da \u0107e predsjednik LAGuR-a biti gradona\u010delnik Grada Cres Kristijan Jurjako, a voditeljica na volonterskoj bazi An\u0111ela Cvjetkovi\u0107.<\/p>\n<p>U upravnom odboru su izabrani predsjednik odbora Kristijan Jurjako, a \u010dlanovi su \u00a0v.d. gradona\u010delnika Malog Lo\u0161inja Ana Ku\u010di\u0107, na\u010delnik Lovrana Alan Sankovi\u0107, Robert Mohovi\u0107 iz Ekomuzeja Mo\u0161\u0107eni\u010dka Draga, \u0110ildo Damjanjevi\u0107 iz obrta \u0160koji\u0107, Sandra Maglov iz Orada Adriatic d.o.o., ribar Valter Cergolj, Eduard Galovi\u0107 iz EiRem obrta te Jelena Basta iz Plavog svijeta.<\/p>\n<div style=\"width: 525px;\" class=\"wp-video\"><!--[if lt IE 9]><script>document.createElement('video');<\/script><![endif]-->\n<video class=\"wp-video-shortcode\" id=\"video-66-1\" width=\"525\" height=\"394\" preload=\"metadata\" controls=\"controls\"><source type=\"video\/mp4\" src=\"https:\/\/vela-vrata.hr\/2014-2020\/wordpress\/wp-content\/uploads\/2017\/05\/1.-vijest-osnovan-LAGUR.mp4?_=1\" \/><a href=\"https:\/\/vela-vrata.hr\/2014-2020\/wordpress\/wp-content\/uploads\/2017\/05\/1.-vijest-osnovan-LAGUR.mp4\">https:\/\/vela-vrata.hr\/2014-2020\/wordpress\/wp-content\/uploads\/2017\/05\/1.-vijest-osnovan-LAGUR.mp4<\/a><\/video><\/div>\n","protected":false},"excerpt":{"rendered":"<p>Na osniva\u010dkoj skup\u0161tini u Mo\u0161\u0107eni\u010dkoj Dragi dana 21.11.2016. osnovan je LAGuR \u201cVela vrata\u201d. Lokalna akcijska grupa u ribarstvu (eng: Fisheries local action group \u2013 FLAG) je spoj gospodarskog, javnog i civilnog sektora na odre\u0111enom podru\u010dju koji kroz takvu suradnju poti\u010de inovacije u ribarstvu i marikulturi i djelatnostima povezanim uz te gospodarsku grane, a svoje aktivnosti &hellip; <\/p>\n<p class=\"link-more\"><a href=\"https:\/\/vela-vrata.hr\/2014-2020\/novosti\/osnovana-je-lokalna-akcijska-grupa-u-ribarstvu-vela-vrata\/\" class=\"more-link\">Nastavi \u010ditati<span class=\"screen-reader-text\"> &#8220;Osnovana je lokalna akcijska grupa u ribarstvu \u201eVela vrata\u201c&#8221;<\/span><\/a><\/p>\n","protected":false},"author":1,"featured_media":67,"comment_status":"open","ping_status":"open","sticky":false,"template":"","format":"standard","meta":{"ngg_post_thumbnail":0,"footnotes":""},"categories":[5],"tags":[],"_links":{"self":[{"href":"https:\/\/vela-vrata.hr\/2014-2020\/wp-json\/wp\/v2\/posts\/66"}],"collection":[{"href":"https:\/\/vela-vrata.hr\/2014-2020\/wp-json\/wp\/v2\/posts"}],"about":[{"href":"https:\/\/vela-vrata.hr\/2014-2020\/wp-json\/wp\/v2\/types\/post"}],"author":[{"embeddable":true,"href":"https:\/\/vela-vrata.hr\/2014-2020\/wp-json\/wp\/v2\/users\/1"}],"replies":[{"embeddable":true,"href":"https:\/\/vela-vrata.hr\/2014-2020\/wp-json\/wp\/v2\/comments?post=66"}],"version-history":[{"count":2,"href":"https:\/\/vela-vrata.hr\/2014-2020\/wp-json\/wp\/v2\/posts\/66\/revisions"}],"predecessor-version":[{"id":71,"href":"https:\/\/vela-vrata.hr\/2014-2020\/wp-json\/wp\/v2\/posts\/66\/revisions\/71"}],"wp:featuredmedia":[{"embeddable":true,"href":"https:\/\/vela-vrata.hr\/2014-2020\/wp-json\/wp\/v2\/media\/67"}],"wp:attachment":[{"href":"https:\/\/vela-vrata.hr\/2014-2020\/wp-json\/wp\/v2\/media?parent=66"}],"wp:term":[{"taxonomy":"category","embeddable":true,"href":"https:\/\/vela-vrata.hr\/2014-2020\/wp-json\/wp\/v2\/categories?post=66"},{"taxonomy":"post_tag","embeddable":true,"href":"https:\/\/vela-vrata.hr\/2014-2020\/wp-json\/wp\/v2\/tags?post=66"}],"curies":[{"name":"wp","href":"https:\/\/api.w.org\/{rel}","templated":true}]}}